{"id":2599,"date":"2021-05-10T13:16:21","date_gmt":"2021-05-10T11:16:21","guid":{"rendered":"https:\/\/www.asentics.de\/?p=2599"},"modified":"2021-05-10T13:19:04","modified_gmt":"2021-05-10T11:19:04","slug":"03-2021-wir-gedenken-prof-dr-rudolf-schwarte","status":"publish","type":"post","link":"https:\/\/www.asentics.de\/de\/03-2021-wir-gedenken-prof-dr-rudolf-schwarte\/","title":{"rendered":"03.2021 Wir gedenken Prof. Dr. Rudolf Schwarte"},"content":{"rendered":"<div class=\"fusion-fullwidth fullwidth-box fusion-builder-row-1 nonhundred-percent-fullwidth non-hundred-percent-height-scrolling\" style=\"--awb-border-radius-top-left:0px;--awb-border-radius-top-right:0px;--awb-border-radius-bottom-right:0px;--awb-border-radius-bottom-left:0px;--awb-flex-wrap:wrap;\" ><div class=\"fusion-builder-row fusion-row\"><div class=\"fusion-layout-column fusion_builder_column fusion-builder-column-0 fusion_builder_column_2_3 2_3 fusion-two-third fusion-column-first\" style=\"--awb-bg-size:cover;width:66.666666666667%;width:calc(66.666666666667% - ( ( 4% ) * 0.66666666666667 ) );margin-right: 4%;\"><div class=\"fusion-column-wrapper fusion-column-has-shadow fusion-flex-column-wrapper-legacy\"><div class=\"fusion-text fusion-text-1\"><h4>Wir gedenken Prof. Dr. Rudolf Schwarte<\/h4>\n<\/div><div class=\"fusion-image-element in-legacy-container\" style=\"--awb-caption-title-font-family:var(--h2_typography-font-family);--awb-caption-title-font-weight:var(--h2_typography-font-weight);--awb-caption-title-font-style:var(--h2_typography-font-style);--awb-caption-title-size:var(--h2_typography-font-size);--awb-caption-title-transform:var(--h2_typography-text-transform);--awb-caption-title-line-height:var(--h2_typography-line-height);--awb-caption-title-letter-spacing:var(--h2_typography-letter-spacing);\"><span class=\" fusion-imageframe imageframe-none imageframe-1 hover-type-none\"><img decoding=\"async\" width=\"400\" height=\"588\" title=\"Prof_Dr_Rudolf_Schwarte\" src=\"https:\/\/www.asentics.de\/wp-content\/uploads\/2021\/04\/Prof_Dr_Rudolf_Schwarte.jpg\" data-orig-src=\"https:\/\/www.asentics.de\/wp-content\/uploads\/2021\/04\/Prof_Dr_Rudolf_Schwarte-400x588.jpg\" alt class=\"lazyload img-responsive wp-image-2600\" srcset=\"data:image\/svg+xml,%3Csvg%20xmlns%3D%27http%3A%2F%2Fwww.w3.org%2F2000%2Fsvg%27%20width%3D%271360%27%20height%3D%272000%27%20viewBox%3D%270%200%201360%202000%27%3E%3Crect%20width%3D%271360%27%20height%3D%272000%27%20fill-opacity%3D%220%22%2F%3E%3C%2Fsvg%3E\" data-srcset=\"https:\/\/www.asentics.de\/wp-content\/uploads\/2021\/04\/Prof_Dr_Rudolf_Schwarte-200x294.jpg 200w, https:\/\/www.asentics.de\/wp-content\/uploads\/2021\/04\/Prof_Dr_Rudolf_Schwarte-400x588.jpg 400w, https:\/\/www.asentics.de\/wp-content\/uploads\/2021\/04\/Prof_Dr_Rudolf_Schwarte-600x882.jpg 600w, https:\/\/www.asentics.de\/wp-content\/uploads\/2021\/04\/Prof_Dr_Rudolf_Schwarte-800x1176.jpg 800w, https:\/\/www.asentics.de\/wp-content\/uploads\/2021\/04\/Prof_Dr_Rudolf_Schwarte-1200x1765.jpg 1200w, https:\/\/www.asentics.de\/wp-content\/uploads\/2021\/04\/Prof_Dr_Rudolf_Schwarte.jpg 1360w\" data-sizes=\"auto\" data-orig-sizes=\"(max-width: 800px) 100vw, 1200px\" \/><\/span><\/div><div class=\"fusion-sep-clear\"><\/div><div class=\"fusion-separator fusion-full-width-sep\" style=\"margin-left: auto;margin-right: auto;margin-top:15px;margin-bottom:15px;width:100%;\"><\/div><div class=\"fusion-sep-clear\"><\/div><div class=\"fusion-text fusion-text-2\"><p>Im Alter von 82 Jahren ist Prof. Dr. Rudolf Schwarte am 7. M\u00e4rz 2021 verstorben. Er leitete f\u00fcr fast 30 Jahre das Institut f\u00fcr Nachrichtentechnik der Universit\u00e4t Siegen und ist Gr\u00fcnder des \u201eInterdisziplin\u00e4ren Zentrums f\u00fcr Sensorsysteme NRW (ZESS)\u201c, welches 1988 ins Leben gerufen wurde.<\/p>\n<\/div><div class=\"fusion-sep-clear\"><\/div><div class=\"fusion-separator fusion-full-width-sep\" style=\"margin-left: auto;margin-right: auto;margin-top:15px;margin-bottom:15px;width:100%;\"><\/div><div class=\"fusion-sep-clear\"><\/div><div class=\"fusion-text fusion-text-3\"><p><strong>Unbestrittene und zukunftsweisende Kompetenz <\/strong><\/p>\n<p>Zweifellos war Prof. Dr. Rudolf Schwarte eine richtungsweisende Pers\u00f6nlichkeit seiner Disziplin. Mit der Erfindung der Photonic Mixer Device (PMD) Technologie pr\u00e4gt Prof. Dr. Rudolf Schwarte bis heute entscheidend die 3D-Bildverarbeitung. Mehrere Innovationspreise, das Halten von \u00fcber 50 Patenten, sowie die Verleihung des Verdienstkreuzes 1. Klasse sind Ausdruck und Anerkennung seiner beruflichen und wissenschaftlichen Leistungen.<\/p>\n<p><strong>\u00a0<\/strong><\/p>\n<p><strong>Ein vision\u00e4rer Mensch, der auch ASENTICS beeinflusste<\/strong><\/p>\n<p>F\u00fcr viele Menschen war Prof. Dr. Rudolf Schwarte eine wichtige akademische Bezugsperson. Als Doktorvater pr\u00e4gte er die pers\u00f6nliche Entwicklung von Dr. Horst Heinol-Heikkinen (Gesch\u00e4ftsf\u00fchrer ASENTICS) und Dr. Thomas Krieger (Leitung Entwicklung) und infolgedessen die von ganz ASENTICS.<\/p>\n<p>Wir nehmen in Dankbarkeit Abschied von einer bedeutenden, intelligenten und ausdrucksstarken Pers\u00f6nlichkeit.<\/p>\n<\/div><div class=\"fusion-clearfix\"><\/div><\/div><\/div><\/div><\/div>\n","protected":false},"excerpt":{"rendered":"","protected":false},"author":8,"featured_media":2607,"comment_status":"closed","ping_status":"open","sticky":false,"template":"","format":"standard","meta":{"_acf_changed":false,"inline_featured_image":false,"footnotes":""},"categories":[33],"tags":[],"class_list":["post-2599","post","type-post","status-publish","format-standard","has-post-thumbnail","hentry","category-news"],"acf":[],"yoast_head":"<!-- This site is optimized with the Yoast SEO plugin v27.3 - https:\/\/yoast.com\/product\/yoast-seo-wordpress\/ -->\n<title>03.2021 Wir gedenken Prof. Dr. Rudolf Schwarte - ASENTICS<\/title>\n<meta name=\"robots\" content=\"index, follow, max-snippet:-1, max-image-preview:large, max-video-preview:-1\" \/>\n<link rel=\"canonical\" href=\"https:\/\/www.asentics.de\/de\/03-2021-wir-gedenken-prof-dr-rudolf-schwarte\/\" \/>\n<meta property=\"og:locale\" content=\"de_DE\" \/>\n<meta property=\"og:type\" content=\"article\" \/>\n<meta property=\"og:title\" content=\"03.2021 Wir gedenken Prof. Dr. Rudolf Schwarte - ASENTICS\" \/>\n<meta property=\"og:url\" content=\"https:\/\/www.asentics.de\/de\/03-2021-wir-gedenken-prof-dr-rudolf-schwarte\/\" \/>\n<meta property=\"og:site_name\" content=\"ASENTICS\" \/>\n<meta property=\"article:published_time\" content=\"2021-05-10T11:16:21+00:00\" \/>\n<meta property=\"article:modified_time\" content=\"2021-05-10T11:19:04+00:00\" \/>\n<meta property=\"og:image\" content=\"https:\/\/www.asentics.de\/wp-content\/uploads\/2021\/04\/Prof_Dr_Rudolf_Schwarte_500pixel.jpg\" \/>\n\t<meta property=\"og:image:width\" content=\"340\" \/>\n\t<meta property=\"og:image:height\" content=\"500\" \/>\n\t<meta property=\"og:image:type\" content=\"image\/jpeg\" \/>\n<meta name=\"author\" content=\"Marvin Dreisbach\" \/>\n<meta name=\"twitter:card\" content=\"summary_large_image\" \/>\n<meta name=\"twitter:label1\" content=\"Verfasst von\" \/>\n\t<meta name=\"twitter:data1\" content=\"Marvin Dreisbach\" \/>\n\t<meta name=\"twitter:label2\" content=\"Gesch\u00e4tzte Lesezeit\" \/>\n\t<meta name=\"twitter:data2\" content=\"2\u00a0Minuten\" \/>\n<script type=\"application\/ld+json\" class=\"yoast-schema-graph\">{\"@context\":\"https:\\\/\\\/schema.org\",\"@graph\":[{\"@type\":\"Article\",\"@id\":\"https:\\\/\\\/www.asentics.de\\\/de\\\/03-2021-wir-gedenken-prof-dr-rudolf-schwarte\\\/#article\",\"isPartOf\":{\"@id\":\"https:\\\/\\\/www.asentics.de\\\/de\\\/03-2021-wir-gedenken-prof-dr-rudolf-schwarte\\\/\"},\"author\":{\"name\":\"Marvin Dreisbach\",\"@id\":\"https:\\\/\\\/www.asentics.de\\\/de\\\/#\\\/schema\\\/person\\\/c4a6fb255aea7c83d7a0ac7806fb357f\"},\"headline\":\"03.2021 Wir gedenken Prof. Dr. Rudolf Schwarte\",\"datePublished\":\"2021-05-10T11:16:21+00:00\",\"dateModified\":\"2021-05-10T11:19:04+00:00\",\"mainEntityOfPage\":{\"@id\":\"https:\\\/\\\/www.asentics.de\\\/de\\\/03-2021-wir-gedenken-prof-dr-rudolf-schwarte\\\/\"},\"wordCount\":792,\"image\":{\"@id\":\"https:\\\/\\\/www.asentics.de\\\/de\\\/03-2021-wir-gedenken-prof-dr-rudolf-schwarte\\\/#primaryimage\"},\"thumbnailUrl\":\"https:\\\/\\\/www.asentics.de\\\/wp-content\\\/uploads\\\/2021\\\/04\\\/Prof_Dr_Rudolf_Schwarte_500pixel.jpg\",\"articleSection\":[\"News\"],\"inLanguage\":\"de\"},{\"@type\":\"WebPage\",\"@id\":\"https:\\\/\\\/www.asentics.de\\\/de\\\/03-2021-wir-gedenken-prof-dr-rudolf-schwarte\\\/\",\"url\":\"https:\\\/\\\/www.asentics.de\\\/de\\\/03-2021-wir-gedenken-prof-dr-rudolf-schwarte\\\/\",\"name\":\"03.2021 Wir gedenken Prof. Dr. Rudolf Schwarte - ASENTICS\",\"isPartOf\":{\"@id\":\"https:\\\/\\\/www.asentics.de\\\/de\\\/#website\"},\"primaryImageOfPage\":{\"@id\":\"https:\\\/\\\/www.asentics.de\\\/de\\\/03-2021-wir-gedenken-prof-dr-rudolf-schwarte\\\/#primaryimage\"},\"image\":{\"@id\":\"https:\\\/\\\/www.asentics.de\\\/de\\\/03-2021-wir-gedenken-prof-dr-rudolf-schwarte\\\/#primaryimage\"},\"thumbnailUrl\":\"https:\\\/\\\/www.asentics.de\\\/wp-content\\\/uploads\\\/2021\\\/04\\\/Prof_Dr_Rudolf_Schwarte_500pixel.jpg\",\"datePublished\":\"2021-05-10T11:16:21+00:00\",\"dateModified\":\"2021-05-10T11:19:04+00:00\",\"author\":{\"@id\":\"https:\\\/\\\/www.asentics.de\\\/de\\\/#\\\/schema\\\/person\\\/c4a6fb255aea7c83d7a0ac7806fb357f\"},\"breadcrumb\":{\"@id\":\"https:\\\/\\\/www.asentics.de\\\/de\\\/03-2021-wir-gedenken-prof-dr-rudolf-schwarte\\\/#breadcrumb\"},\"inLanguage\":\"de\",\"potentialAction\":[{\"@type\":\"ReadAction\",\"target\":[\"https:\\\/\\\/www.asentics.de\\\/de\\\/03-2021-wir-gedenken-prof-dr-rudolf-schwarte\\\/\"]}]},{\"@type\":\"ImageObject\",\"inLanguage\":\"de\",\"@id\":\"https:\\\/\\\/www.asentics.de\\\/de\\\/03-2021-wir-gedenken-prof-dr-rudolf-schwarte\\\/#primaryimage\",\"url\":\"https:\\\/\\\/www.asentics.de\\\/wp-content\\\/uploads\\\/2021\\\/04\\\/Prof_Dr_Rudolf_Schwarte_500pixel.jpg\",\"contentUrl\":\"https:\\\/\\\/www.asentics.de\\\/wp-content\\\/uploads\\\/2021\\\/04\\\/Prof_Dr_Rudolf_Schwarte_500pixel.jpg\",\"width\":340,\"height\":500},{\"@type\":\"BreadcrumbList\",\"@id\":\"https:\\\/\\\/www.asentics.de\\\/de\\\/03-2021-wir-gedenken-prof-dr-rudolf-schwarte\\\/#breadcrumb\",\"itemListElement\":[{\"@type\":\"ListItem\",\"position\":1,\"name\":\"Startseite\",\"item\":\"https:\\\/\\\/www.asentics.de\\\/de\\\/\"},{\"@type\":\"ListItem\",\"position\":2,\"name\":\"03.2021 Wir gedenken Prof. Dr. Rudolf Schwarte\"}]},{\"@type\":\"WebSite\",\"@id\":\"https:\\\/\\\/www.asentics.de\\\/de\\\/#website\",\"url\":\"https:\\\/\\\/www.asentics.de\\\/de\\\/\",\"name\":\"ASENTICS\",\"description\":\"ASENTICS vision technology\",\"potentialAction\":[{\"@type\":\"SearchAction\",\"target\":{\"@type\":\"EntryPoint\",\"urlTemplate\":\"https:\\\/\\\/www.asentics.de\\\/de\\\/?s={search_term_string}\"},\"query-input\":{\"@type\":\"PropertyValueSpecification\",\"valueRequired\":true,\"valueName\":\"search_term_string\"}}],\"inLanguage\":\"de\"},{\"@type\":\"Person\",\"@id\":\"https:\\\/\\\/www.asentics.de\\\/de\\\/#\\\/schema\\\/person\\\/c4a6fb255aea7c83d7a0ac7806fb357f\",\"name\":\"Marvin Dreisbach\",\"image\":{\"@type\":\"ImageObject\",\"inLanguage\":\"de\",\"@id\":\"https:\\\/\\\/secure.gravatar.com\\\/avatar\\\/9d2696c05ac4ee1d2b77ae24752924e4cb3e26b3951950167b71819acc9e104e?s=96&d=mm&r=g\",\"url\":\"https:\\\/\\\/secure.gravatar.com\\\/avatar\\\/9d2696c05ac4ee1d2b77ae24752924e4cb3e26b3951950167b71819acc9e104e?s=96&d=mm&r=g\",\"contentUrl\":\"https:\\\/\\\/secure.gravatar.com\\\/avatar\\\/9d2696c05ac4ee1d2b77ae24752924e4cb3e26b3951950167b71819acc9e104e?s=96&d=mm&r=g\",\"caption\":\"Marvin Dreisbach\"},\"url\":\"https:\\\/\\\/www.asentics.de\\\/de\\\/author\\\/marvin-dreisbach\\\/\"}]}<\/script>\n<!-- \/ Yoast SEO plugin. -->","yoast_head_json":{"title":"03.2021 Wir gedenken Prof. Dr. Rudolf Schwarte - ASENTICS","robots":{"index":"index","follow":"follow","max-snippet":"max-snippet:-1","max-image-preview":"max-image-preview:large","max-video-preview":"max-video-preview:-1"},"canonical":"https:\/\/www.asentics.de\/de\/03-2021-wir-gedenken-prof-dr-rudolf-schwarte\/","og_locale":"de_DE","og_type":"article","og_title":"03.2021 Wir gedenken Prof. Dr. Rudolf Schwarte - ASENTICS","og_url":"https:\/\/www.asentics.de\/de\/03-2021-wir-gedenken-prof-dr-rudolf-schwarte\/","og_site_name":"ASENTICS","article_published_time":"2021-05-10T11:16:21+00:00","article_modified_time":"2021-05-10T11:19:04+00:00","og_image":[{"width":340,"height":500,"url":"https:\/\/www.asentics.de\/wp-content\/uploads\/2021\/04\/Prof_Dr_Rudolf_Schwarte_500pixel.jpg","type":"image\/jpeg"}],"author":"Marvin Dreisbach","twitter_card":"summary_large_image","twitter_misc":{"Verfasst von":"Marvin Dreisbach","Gesch\u00e4tzte Lesezeit":"2\u00a0Minuten"},"schema":{"@context":"https:\/\/schema.org","@graph":[{"@type":"Article","@id":"https:\/\/www.asentics.de\/de\/03-2021-wir-gedenken-prof-dr-rudolf-schwarte\/#article","isPartOf":{"@id":"https:\/\/www.asentics.de\/de\/03-2021-wir-gedenken-prof-dr-rudolf-schwarte\/"},"author":{"name":"Marvin Dreisbach","@id":"https:\/\/www.asentics.de\/de\/#\/schema\/person\/c4a6fb255aea7c83d7a0ac7806fb357f"},"headline":"03.2021 Wir gedenken Prof. Dr. Rudolf Schwarte","datePublished":"2021-05-10T11:16:21+00:00","dateModified":"2021-05-10T11:19:04+00:00","mainEntityOfPage":{"@id":"https:\/\/www.asentics.de\/de\/03-2021-wir-gedenken-prof-dr-rudolf-schwarte\/"},"wordCount":792,"image":{"@id":"https:\/\/www.asentics.de\/de\/03-2021-wir-gedenken-prof-dr-rudolf-schwarte\/#primaryimage"},"thumbnailUrl":"https:\/\/www.asentics.de\/wp-content\/uploads\/2021\/04\/Prof_Dr_Rudolf_Schwarte_500pixel.jpg","articleSection":["News"],"inLanguage":"de"},{"@type":"WebPage","@id":"https:\/\/www.asentics.de\/de\/03-2021-wir-gedenken-prof-dr-rudolf-schwarte\/","url":"https:\/\/www.asentics.de\/de\/03-2021-wir-gedenken-prof-dr-rudolf-schwarte\/","name":"03.2021 Wir gedenken Prof. Dr. Rudolf Schwarte - ASENTICS","isPartOf":{"@id":"https:\/\/www.asentics.de\/de\/#website"},"primaryImageOfPage":{"@id":"https:\/\/www.asentics.de\/de\/03-2021-wir-gedenken-prof-dr-rudolf-schwarte\/#primaryimage"},"image":{"@id":"https:\/\/www.asentics.de\/de\/03-2021-wir-gedenken-prof-dr-rudolf-schwarte\/#primaryimage"},"thumbnailUrl":"https:\/\/www.asentics.de\/wp-content\/uploads\/2021\/04\/Prof_Dr_Rudolf_Schwarte_500pixel.jpg","datePublished":"2021-05-10T11:16:21+00:00","dateModified":"2021-05-10T11:19:04+00:00","author":{"@id":"https:\/\/www.asentics.de\/de\/#\/schema\/person\/c4a6fb255aea7c83d7a0ac7806fb357f"},"breadcrumb":{"@id":"https:\/\/www.asentics.de\/de\/03-2021-wir-gedenken-prof-dr-rudolf-schwarte\/#breadcrumb"},"inLanguage":"de","potentialAction":[{"@type":"ReadAction","target":["https:\/\/www.asentics.de\/de\/03-2021-wir-gedenken-prof-dr-rudolf-schwarte\/"]}]},{"@type":"ImageObject","inLanguage":"de","@id":"https:\/\/www.asentics.de\/de\/03-2021-wir-gedenken-prof-dr-rudolf-schwarte\/#primaryimage","url":"https:\/\/www.asentics.de\/wp-content\/uploads\/2021\/04\/Prof_Dr_Rudolf_Schwarte_500pixel.jpg","contentUrl":"https:\/\/www.asentics.de\/wp-content\/uploads\/2021\/04\/Prof_Dr_Rudolf_Schwarte_500pixel.jpg","width":340,"height":500},{"@type":"BreadcrumbList","@id":"https:\/\/www.asentics.de\/de\/03-2021-wir-gedenken-prof-dr-rudolf-schwarte\/#breadcrumb","itemListElement":[{"@type":"ListItem","position":1,"name":"Startseite","item":"https:\/\/www.asentics.de\/de\/"},{"@type":"ListItem","position":2,"name":"03.2021 Wir gedenken Prof. Dr. Rudolf Schwarte"}]},{"@type":"WebSite","@id":"https:\/\/www.asentics.de\/de\/#website","url":"https:\/\/www.asentics.de\/de\/","name":"ASENTICS","description":"ASENTICS vision technology","potentialAction":[{"@type":"SearchAction","target":{"@type":"EntryPoint","urlTemplate":"https:\/\/www.asentics.de\/de\/?s={search_term_string}"},"query-input":{"@type":"PropertyValueSpecification","valueRequired":true,"valueName":"search_term_string"}}],"inLanguage":"de"},{"@type":"Person","@id":"https:\/\/www.asentics.de\/de\/#\/schema\/person\/c4a6fb255aea7c83d7a0ac7806fb357f","name":"Marvin Dreisbach","image":{"@type":"ImageObject","inLanguage":"de","@id":"https:\/\/secure.gravatar.com\/avatar\/9d2696c05ac4ee1d2b77ae24752924e4cb3e26b3951950167b71819acc9e104e?s=96&d=mm&r=g","url":"https:\/\/secure.gravatar.com\/avatar\/9d2696c05ac4ee1d2b77ae24752924e4cb3e26b3951950167b71819acc9e104e?s=96&d=mm&r=g","contentUrl":"https:\/\/secure.gravatar.com\/avatar\/9d2696c05ac4ee1d2b77ae24752924e4cb3e26b3951950167b71819acc9e104e?s=96&d=mm&r=g","caption":"Marvin Dreisbach"},"url":"https:\/\/www.asentics.de\/de\/author\/marvin-dreisbach\/"}]}},"publishpress_future_action":{"enabled":false,"date":"2026-05-07 14:14:02","action":"change-status","newStatus":"draft","terms":[],"taxonomy":"category","extraData":[]},"publishpress_future_workflow_manual_trigger":{"enabledWorkflows":[]},"_links":{"self":[{"href":"https:\/\/www.asentics.de\/de\/wp-json\/wp\/v2\/posts\/2599","targetHints":{"allow":["GET"]}}],"collection":[{"href":"https:\/\/www.asentics.de\/de\/wp-json\/wp\/v2\/posts"}],"about":[{"href":"https:\/\/www.asentics.de\/de\/wp-json\/wp\/v2\/types\/post"}],"author":[{"embeddable":true,"href":"https:\/\/www.asentics.de\/de\/wp-json\/wp\/v2\/users\/8"}],"replies":[{"embeddable":true,"href":"https:\/\/www.asentics.de\/de\/wp-json\/wp\/v2\/comments?post=2599"}],"version-history":[{"count":9,"href":"https:\/\/www.asentics.de\/de\/wp-json\/wp\/v2\/posts\/2599\/revisions"}],"predecessor-version":[{"id":2644,"href":"https:\/\/www.asentics.de\/de\/wp-json\/wp\/v2\/posts\/2599\/revisions\/2644"}],"wp:featuredmedia":[{"embeddable":true,"href":"https:\/\/www.asentics.de\/de\/wp-json\/wp\/v2\/media\/2607"}],"wp:attachment":[{"href":"https:\/\/www.asentics.de\/de\/wp-json\/wp\/v2\/media?parent=2599"}],"wp:term":[{"taxonomy":"category","embeddable":true,"href":"https:\/\/www.asentics.de\/de\/wp-json\/wp\/v2\/categories?post=2599"},{"taxonomy":"post_tag","embeddable":true,"href":"https:\/\/www.asentics.de\/de\/wp-json\/wp\/v2\/tags?post=2599"}],"curies":[{"name":"wp","href":"https:\/\/api.w.org\/{rel}","templated":true}]}}